{"id":14030,"date":"2025-12-23T09:35:49","date_gmt":"2025-12-23T07:35:49","guid":{"rendered":"https:\/\/www.lucide-luzern.ch\/?p=14030"},"modified":"2026-03-19T09:24:46","modified_gmt":"2026-03-19T07:24:46","slug":"chefs-table","status":"publish","type":"post","link":"https:\/\/www.lucide-luzern.ch\/en\/chefs-table\/","title":{"rendered":"Chef&#8217;s Table"},"content":{"rendered":"\t\t<div data-elementor-type=\"wp-post\" data-elementor-id=\"14030\" class=\"elementor elementor-14030 elementor-14029\" data-elementor-post-type=\"post\">\n\t\t\t\t\t\t<section class=\"elementor-section elementor-top-section elementor-element elementor-element-75738a1 elementor-section-boxed elementor-section-height-default elementor-section-height-default\" data-id=\"75738a1\" data-element_type=\"section\" data-e-type=\"section\">\n\t\t\t\t\t\t<div class=\"elementor-container elementor-column-gap-default\">\n\t\t\t\t\t<div class=\"elementor-column elementor-col-50 elementor-top-column elementor-element elementor-element-5f8fe52\" data-id=\"5f8fe52\" data-element_type=\"column\" data-e-type=\"column\">\n\t\t\t<div class=\"elementor-widget-wrap elementor-element-populated\">\n\t\t\t\t\t\t<section class=\"elementor-section elementor-inner-section elementor-element elementor-element-9437017 elementor-section-boxed elementor-section-height-default elementor-section-height-default\" data-id=\"9437017\" data-element_type=\"section\" data-e-type=\"section\">\n\t\t\t\t\t\t<div class=\"elementor-container elementor-column-gap-default\">\n\t\t\t\t\t<div class=\"elementor-column elementor-col-50 elementor-inner-column elementor-element elementor-element-645c5f5 outercircle-btm\" data-id=\"645c5f5\" data-element_type=\"column\" data-e-type=\"column\">\n\t\t\t<div class=\"elementor-widget-wrap elementor-element-populated\">\n\t\t\t\t\t\t<div class=\"elementor-element elementor-element-34d00b8 elementor-widget elementor-widget-spacer\" data-id=\"34d00b8\" data-element_type=\"widget\" data-e-type=\"widget\" data-widget_type=\"spacer.default\">\n\t\t\t\t<div class=\"elementor-widget-container\">\n\t\t\t\t\t\t\t<div class=\"elementor-spacer\">\n\t\t\t<div class=\"elementor-spacer-inner\"><\/div>\n\t\t<\/div>\n\t\t\t\t\t\t<\/div>\n\t\t\t\t<\/div>\n\t\t\t\t\t<\/div>\n\t\t<\/div>\n\t\t\t\t<div class=\"elementor-column elementor-col-50 elementor-inner-column elementor-element elementor-element-a88ea9f outertriangle-btm\" data-id=\"a88ea9f\" data-element_type=\"column\" data-e-type=\"column\">\n\t\t\t<div class=\"elementor-widget-wrap elementor-element-populated\">\n\t\t\t\t\t\t<div class=\"elementor-element elementor-element-cc8f9ea elementor-widget elementor-widget-spacer\" data-id=\"cc8f9ea\" data-element_type=\"widget\" data-e-type=\"widget\" data-widget_type=\"spacer.default\">\n\t\t\t\t<div class=\"elementor-widget-container\">\n\t\t\t\t\t\t\t<div class=\"elementor-spacer\">\n\t\t\t<div class=\"elementor-spacer-inner\"><\/div>\n\t\t<\/div>\n\t\t\t\t\t\t<\/div>\n\t\t\t\t<\/div>\n\t\t\t\t\t<\/div>\n\t\t<\/div>\n\t\t\t\t\t<\/div>\n\t\t<\/section>\n\t\t\t\t<div class=\"elementor-element elementor-element-a7c1498 elementor-widget elementor-widget-heading\" data-id=\"a7c1498\" data-element_type=\"widget\" data-e-type=\"widget\" data-widget_type=\"heading.default\">\n\t\t\t\t<div class=\"elementor-widget-container\">\n\t\t\t\t\t<h2 class=\"elementor-heading-title elementor-size-default\">Chef's Table at Lucide \u2013 Right at the heart of the kitchen<\/h2>\t\t\t\t<\/div>\n\t\t\t\t<\/div>\n\t\t\t\t<div class=\"elementor-element elementor-element-44860b7 elementor-widget elementor-widget-text-editor\" data-id=\"44860b7\" data-element_type=\"widget\" data-e-type=\"widget\" data-widget_type=\"text-editor.default\">\n\t\t\t\t<div class=\"elementor-widget-container\">\n\t\t\t\t\t\t\t\t\t<p>Experience an evening that is more than just dinner: an exclusive look behind the scenes at Lucide. Seated right in front of the open kitchen, you will have a front-row seat as exquisite ingredients are transformed into true works of art. Every movement, every detail \u2013 live and within reach. Feel the energy of chef Maximilian Huber&#8217;s team and let yourself be infected by their passion for perfection.<\/p>\t\t\t\t\t\t\t\t<\/div>\n\t\t\t\t<\/div>\n\t\t\t\t<div class=\"elementor-element elementor-element-96496cb elementor-widget elementor-widget-spacer\" data-id=\"96496cb\" data-element_type=\"widget\" data-e-type=\"widget\" data-widget_type=\"spacer.default\">\n\t\t\t\t<div class=\"elementor-widget-container\">\n\t\t\t\t\t\t\t<div class=\"elementor-spacer\">\n\t\t\t<div class=\"elementor-spacer-inner\"><\/div>\n\t\t<\/div>\n\t\t\t\t\t\t<\/div>\n\t\t\t\t<\/div>\n\t\t\t\t<div class=\"elementor-element elementor-element-7ab9fd5 elementor-widget elementor-widget-text-editor\" data-id=\"7ab9fd5\" data-element_type=\"widget\" data-e-type=\"widget\" data-widget_type=\"text-editor.default\">\n\t\t\t\t<div class=\"elementor-widget-container\">\n\t\t\t\t\t\t\t\t\t<p><strong>What you can expect:<\/strong><\/p><ul><li>A sophisticated menu with specially created Chef&#8217;s Table courses<\/li><li>Personal insights into the philosophy and preparation of our cuisine<\/li><li>An intimate, stylish ambience for a maximum of 5 guests<\/li><\/ul>\t\t\t\t\t\t\t\t<\/div>\n\t\t\t\t<\/div>\n\t\t\t\t<div class=\"elementor-element elementor-element-9c1b84e elementor-widget elementor-widget-text-editor\" data-id=\"9c1b84e\" data-element_type=\"widget\" data-e-type=\"widget\" data-widget_type=\"text-editor.default\">\n\t\t\t\t<div class=\"elementor-widget-container\">\n\t\t\t\t\t\t\t\t\t<p><strong>Book your seat now and enjoy an experience you will never forget.<\/strong><\/p>\t\t\t\t\t\t\t\t<\/div>\n\t\t\t\t<\/div>\n\t\t\t\t<div class=\"elementor-element elementor-element-079f98b elementor-widget elementor-widget-spacer\" data-id=\"079f98b\" data-element_type=\"widget\" data-e-type=\"widget\" data-widget_type=\"spacer.default\">\n\t\t\t\t<div class=\"elementor-widget-container\">\n\t\t\t\t\t\t\t<div class=\"elementor-spacer\">\n\t\t\t<div class=\"elementor-spacer-inner\"><\/div>\n\t\t<\/div>\n\t\t\t\t\t\t<\/div>\n\t\t\t\t<\/div>\n\t\t\t\t<div class=\"elementor-element elementor-element-3350a3a elementor-widget elementor-widget-button\" data-id=\"3350a3a\" data-element_type=\"widget\" data-e-type=\"widget\" data-widget_type=\"button.default\">\n\t\t\t\t<div class=\"elementor-widget-container\">\n\t\t\t\t\t\t\t\t\t<div class=\"elementor-button-wrapper\">\n\t\t\t\t\t<a class=\"elementor-button elementor-button-link elementor-size-sm\" href=\"https:\/\/mytools.aleno.me\/reservations\/v2.0\/reservations.html?k=eyJrIjoid2l2dTVrM2lsNm15cnBiOWlwdzZ4bmViajhycnVkaWRpZ280bGZwODBsbzlhNGlweTEiLCJyIjoidExQOURIa2hONDNmUmRibVgiLCJzIjoiaHR0cHM6Ly9teXRvb2xzLmFsZW5vLm1lLyJ9&#038;locale=en\">\n\t\t\t\t\t\t<span class=\"elementor-button-content-wrapper\">\n\t\t\t\t\t\t\t\t\t<span class=\"elementor-button-text\">Book Now<\/span>\n\t\t\t\t\t<\/span>\n\t\t\t\t\t<\/a>\n\t\t\t\t<\/div>\n\t\t\t\t\t\t\t\t<\/div>\n\t\t\t\t<\/div>\n\t\t\t\t\t<\/div>\n\t\t<\/div>\n\t\t\t\t<div class=\"elementor-column elementor-col-50 elementor-top-column elementor-element elementor-element-f7b3063\" data-id=\"f7b3063\" data-element_type=\"column\" data-e-type=\"column\">\n\t\t\t<div class=\"elementor-widget-wrap elementor-element-populated\">\n\t\t\t\t\t\t<div class=\"elementor-element elementor-element-781690d elementor-widget elementor-widget-image\" data-id=\"781690d\" data-element_type=\"widget\" data-e-type=\"widget\" data-settings=\"{&quot;_animation&quot;:&quot;none&quot;}\" data-widget_type=\"image.default\">\n\t\t\t\t<div class=\"elementor-widget-container\">\n\t\t\t\t\t\t\t\t\t\t\t\t\t\t\t<img decoding=\"async\" src=\"https:\/\/www.lucide-luzern.ch\/wp-content\/uploads\/sites\/3\/elementor\/thumbs\/DSCF4489-e1766476386983-rgkju7qwcmp9fzh8zt5ysxlyistne1xsgehi6wk608.png\" title=\"DSCF4489\" alt=\"DSCF4489\" loading=\"lazy\" \/>\t\t\t\t\t\t\t\t\t\t\t\t\t\t\t<\/div>\n\t\t\t\t<\/div>\n\t\t\t\t\t<\/div>\n\t\t<\/div>\n\t\t\t\t\t<\/div>\n\t\t<\/section>\n\t\t\t\t<\/div>\n\t\t","protected":false},"excerpt":{"rendered":"<p>Experience an evening that is more than just dinner: an exclusive look behind the scenes at Lucide. Seated right in front of the open kitchen, you will have a front-row seat as exquisite ingredients are transformed into true works of art. Every movement, every detail \u2013 live and within reach. Feel the energy of chef Maximilian Huber&#8217;s team and let yourself be infected by their passion for perfection.<\/p>\n","protected":false},"author":30,"featured_media":14050,"comment_status":"closed","ping_status":"closed","sticky":false,"template":"","format":"standard","meta":{"footnotes":""},"categories":[1],"tags":[],"class_list":["post-14030","post","type-post","status-publish","format-standard","has-post-thumbnail","hentry","category-uncategorized"],"yoast_head":"<!-- This site is optimized with the Yoast SEO plugin v27.4 - https:\/\/yoast.com\/product\/yoast-seo-wordpress\/ -->\n<title>Chef&#039;s Table - Lucide - Restaurant im KKL Luzern<\/title>\n<meta name=\"description\" content=\"Exclusive Wine &amp; Dine on 25 January 2025 at Restaurant Lucide. Mich\u00e8le Meier&#039;s refined cuisine is accompanied by exquisite wines from Marie-Th\u00e9r\u00e8se Chappaz.\" \/>\n<meta name=\"robots\" content=\"index, follow, max-snippet:-1, max-image-preview:large, max-video-preview:-1\" \/>\n<link rel=\"canonical\" href=\"https:\/\/www.lucide-luzern.ch\/en\/chefs-table\/\" \/>\n<meta property=\"og:locale\" content=\"en_US\" \/>\n<meta property=\"og:type\" content=\"article\" \/>\n<meta property=\"og:title\" content=\"Chef&#039;s Table - Lucide - Restaurant im KKL Luzern\" \/>\n<meta property=\"og:description\" content=\"Exclusive Wine &amp; Dine on 25 January 2025 at Restaurant Lucide. Mich\u00e8le Meier&#039;s refined cuisine is accompanied by exquisite wines from Marie-Th\u00e9r\u00e8se Chappaz.\" \/>\n<meta property=\"og:url\" content=\"https:\/\/www.lucide-luzern.ch\/en\/chefs-table\/\" \/>\n<meta property=\"og:site_name\" content=\"Lucide\" \/>\n<meta property=\"article:published_time\" content=\"2025-12-23T07:35:49+00:00\" \/>\n<meta property=\"article:modified_time\" content=\"2026-03-19T07:24:46+00:00\" \/>\n<meta property=\"og:image\" content=\"https:\/\/www.lucide-luzern.ch\/wp-content\/uploads\/sites\/3\/DSCF4503_Headerbild-1024x576.png\" \/>\n\t<meta property=\"og:image:width\" content=\"1024\" \/>\n\t<meta property=\"og:image:height\" content=\"576\" \/>\n\t<meta property=\"og:image:type\" content=\"image\/png\" \/>\n<meta name=\"author\" content=\"angela\" \/>\n<meta name=\"twitter:card\" content=\"summary_large_image\" \/>\n<meta name=\"twitter:label1\" content=\"Written by\" \/>\n\t<meta name=\"twitter:data1\" content=\"angela\" \/>\n\t<meta name=\"twitter:label2\" content=\"Est. reading time\" \/>\n\t<meta name=\"twitter:data2\" content=\"1 minute\" \/>\n<script type=\"application\/ld+json\" class=\"yoast-schema-graph\">{\"@context\":\"https:\\\/\\\/schema.org\",\"@graph\":[{\"@type\":\"Article\",\"@id\":\"https:\\\/\\\/www.lucide-luzern.ch\\\/en\\\/chefs-table\\\/#article\",\"isPartOf\":{\"@id\":\"https:\\\/\\\/www.lucide-luzern.ch\\\/en\\\/chefs-table\\\/\"},\"author\":{\"name\":\"angela\",\"@id\":\"https:\\\/\\\/www.lucide-luzern.ch\\\/en\\\/#\\\/schema\\\/person\\\/d36b9411655e37cd2462dc478f82888b\"},\"headline\":\"Chef&#8217;s Table\",\"datePublished\":\"2025-12-23T07:35:49+00:00\",\"dateModified\":\"2026-03-19T07:24:46+00:00\",\"mainEntityOfPage\":{\"@id\":\"https:\\\/\\\/www.lucide-luzern.ch\\\/en\\\/chefs-table\\\/\"},\"wordCount\":130,\"publisher\":{\"@id\":\"https:\\\/\\\/www.lucide-luzern.ch\\\/en\\\/#organization\"},\"image\":{\"@id\":\"https:\\\/\\\/www.lucide-luzern.ch\\\/en\\\/chefs-table\\\/#primaryimage\"},\"thumbnailUrl\":\"https:\\\/\\\/www.lucide-luzern.ch\\\/wp-content\\\/uploads\\\/sites\\\/3\\\/DSCF4503_Headerbild.png\",\"inLanguage\":\"en-US\"},{\"@type\":\"WebPage\",\"@id\":\"https:\\\/\\\/www.lucide-luzern.ch\\\/en\\\/chefs-table\\\/\",\"url\":\"https:\\\/\\\/www.lucide-luzern.ch\\\/en\\\/chefs-table\\\/\",\"name\":\"Chef's Table - Lucide - Restaurant im KKL Luzern\",\"isPartOf\":{\"@id\":\"https:\\\/\\\/www.lucide-luzern.ch\\\/en\\\/#website\"},\"primaryImageOfPage\":{\"@id\":\"https:\\\/\\\/www.lucide-luzern.ch\\\/en\\\/chefs-table\\\/#primaryimage\"},\"image\":{\"@id\":\"https:\\\/\\\/www.lucide-luzern.ch\\\/en\\\/chefs-table\\\/#primaryimage\"},\"thumbnailUrl\":\"https:\\\/\\\/www.lucide-luzern.ch\\\/wp-content\\\/uploads\\\/sites\\\/3\\\/DSCF4503_Headerbild.png\",\"datePublished\":\"2025-12-23T07:35:49+00:00\",\"dateModified\":\"2026-03-19T07:24:46+00:00\",\"description\":\"Exclusive Wine & Dine on 25 January 2025 at Restaurant Lucide. Mich\u00e8le Meier's refined cuisine is accompanied by exquisite wines from Marie-Th\u00e9r\u00e8se Chappaz.\",\"breadcrumb\":{\"@id\":\"https:\\\/\\\/www.lucide-luzern.ch\\\/en\\\/chefs-table\\\/#breadcrumb\"},\"inLanguage\":\"en-US\",\"potentialAction\":[{\"@type\":\"ReadAction\",\"target\":[\"https:\\\/\\\/www.lucide-luzern.ch\\\/en\\\/chefs-table\\\/\"]}]},{\"@type\":\"ImageObject\",\"inLanguage\":\"en-US\",\"@id\":\"https:\\\/\\\/www.lucide-luzern.ch\\\/en\\\/chefs-table\\\/#primaryimage\",\"url\":\"https:\\\/\\\/www.lucide-luzern.ch\\\/wp-content\\\/uploads\\\/sites\\\/3\\\/DSCF4503_Headerbild.png\",\"contentUrl\":\"https:\\\/\\\/www.lucide-luzern.ch\\\/wp-content\\\/uploads\\\/sites\\\/3\\\/DSCF4503_Headerbild.png\",\"width\":5276,\"height\":2968,\"caption\":\"Chefs Table\"},{\"@type\":\"BreadcrumbList\",\"@id\":\"https:\\\/\\\/www.lucide-luzern.ch\\\/en\\\/chefs-table\\\/#breadcrumb\",\"itemListElement\":[{\"@type\":\"ListItem\",\"position\":1,\"name\":\"Home\",\"item\":\"https:\\\/\\\/www.lucide-luzern.ch\\\/en\\\/home\\\/\"},{\"@type\":\"ListItem\",\"position\":2,\"name\":\"Chef&#8217;s Table\"}]},{\"@type\":\"WebSite\",\"@id\":\"https:\\\/\\\/www.lucide-luzern.ch\\\/en\\\/#website\",\"url\":\"https:\\\/\\\/www.lucide-luzern.ch\\\/en\\\/\",\"name\":\"Lucide\",\"description\":\"Restaurant im KKL Luzern\",\"publisher\":{\"@id\":\"https:\\\/\\\/www.lucide-luzern.ch\\\/en\\\/#organization\"},\"potentialAction\":[{\"@type\":\"SearchAction\",\"target\":{\"@type\":\"EntryPoint\",\"urlTemplate\":\"https:\\\/\\\/www.lucide-luzern.ch\\\/en\\\/?s={search_term_string}\"},\"query-input\":{\"@type\":\"PropertyValueSpecification\",\"valueRequired\":true,\"valueName\":\"search_term_string\"}}],\"inLanguage\":\"en-US\"},{\"@type\":\"Organization\",\"@id\":\"https:\\\/\\\/www.lucide-luzern.ch\\\/en\\\/#organization\",\"name\":\"Lucide - Restaurant im KKL Luzern\",\"url\":\"https:\\\/\\\/www.lucide-luzern.ch\\\/en\\\/\",\"logo\":{\"@type\":\"ImageObject\",\"inLanguage\":\"en-US\",\"@id\":\"https:\\\/\\\/www.lucide-luzern.ch\\\/en\\\/#\\\/schema\\\/logo\\\/image\\\/\",\"url\":\"https:\\\/\\\/www.lucide-luzern.ch\\\/wp-content\\\/uploads\\\/sites\\\/3\\\/2020\\\/02\\\/Lucide_LogoRGB_schwarz_BylineGross_Messing.png\",\"contentUrl\":\"https:\\\/\\\/www.lucide-luzern.ch\\\/wp-content\\\/uploads\\\/sites\\\/3\\\/2020\\\/02\\\/Lucide_LogoRGB_schwarz_BylineGross_Messing.png\",\"width\":2000,\"height\":801,\"caption\":\"Lucide - Restaurant im KKL Luzern\"},\"image\":{\"@id\":\"https:\\\/\\\/www.lucide-luzern.ch\\\/en\\\/#\\\/schema\\\/logo\\\/image\\\/\"},\"sameAs\":[\"https:\\\/\\\/www.instagram.com\\\/lucide_luzern\\\/\"]},{\"@type\":\"Person\",\"@id\":\"https:\\\/\\\/www.lucide-luzern.ch\\\/en\\\/#\\\/schema\\\/person\\\/d36b9411655e37cd2462dc478f82888b\",\"name\":\"angela\",\"image\":{\"@type\":\"ImageObject\",\"inLanguage\":\"en-US\",\"@id\":\"https:\\\/\\\/secure.gravatar.com\\\/avatar\\\/558e3b93301ff3f93f7f0a65be9856a4e0c1eff0c219fa9f4e4382823fdfb7ba?s=96&d=mm&r=g\",\"url\":\"https:\\\/\\\/secure.gravatar.com\\\/avatar\\\/558e3b93301ff3f93f7f0a65be9856a4e0c1eff0c219fa9f4e4382823fdfb7ba?s=96&d=mm&r=g\",\"contentUrl\":\"https:\\\/\\\/secure.gravatar.com\\\/avatar\\\/558e3b93301ff3f93f7f0a65be9856a4e0c1eff0c219fa9f4e4382823fdfb7ba?s=96&d=mm&r=g\",\"caption\":\"angela\"}}]}<\/script>\n<!-- \/ Yoast SEO plugin. -->","yoast_head_json":{"title":"Chef's Table - Lucide - Restaurant im KKL Luzern","description":"Exclusive Wine & Dine on 25 January 2025 at Restaurant Lucide. Mich\u00e8le Meier's refined cuisine is accompanied by exquisite wines from Marie-Th\u00e9r\u00e8se Chappaz.","robots":{"index":"index","follow":"follow","max-snippet":"max-snippet:-1","max-image-preview":"max-image-preview:large","max-video-preview":"max-video-preview:-1"},"canonical":"https:\/\/www.lucide-luzern.ch\/en\/chefs-table\/","og_locale":"en_US","og_type":"article","og_title":"Chef's Table - Lucide - Restaurant im KKL Luzern","og_description":"Exclusive Wine & Dine on 25 January 2025 at Restaurant Lucide. Mich\u00e8le Meier's refined cuisine is accompanied by exquisite wines from Marie-Th\u00e9r\u00e8se Chappaz.","og_url":"https:\/\/www.lucide-luzern.ch\/en\/chefs-table\/","og_site_name":"Lucide","article_published_time":"2025-12-23T07:35:49+00:00","article_modified_time":"2026-03-19T07:24:46+00:00","og_image":[{"width":1024,"height":576,"url":"https:\/\/www.lucide-luzern.ch\/wp-content\/uploads\/sites\/3\/DSCF4503_Headerbild-1024x576.png","type":"image\/png"}],"author":"angela","twitter_card":"summary_large_image","twitter_misc":{"Written by":"angela","Est. reading time":"1 minute"},"schema":{"@context":"https:\/\/schema.org","@graph":[{"@type":"Article","@id":"https:\/\/www.lucide-luzern.ch\/en\/chefs-table\/#article","isPartOf":{"@id":"https:\/\/www.lucide-luzern.ch\/en\/chefs-table\/"},"author":{"name":"angela","@id":"https:\/\/www.lucide-luzern.ch\/en\/#\/schema\/person\/d36b9411655e37cd2462dc478f82888b"},"headline":"Chef&#8217;s Table","datePublished":"2025-12-23T07:35:49+00:00","dateModified":"2026-03-19T07:24:46+00:00","mainEntityOfPage":{"@id":"https:\/\/www.lucide-luzern.ch\/en\/chefs-table\/"},"wordCount":130,"publisher":{"@id":"https:\/\/www.lucide-luzern.ch\/en\/#organization"},"image":{"@id":"https:\/\/www.lucide-luzern.ch\/en\/chefs-table\/#primaryimage"},"thumbnailUrl":"https:\/\/www.lucide-luzern.ch\/wp-content\/uploads\/sites\/3\/DSCF4503_Headerbild.png","inLanguage":"en-US"},{"@type":"WebPage","@id":"https:\/\/www.lucide-luzern.ch\/en\/chefs-table\/","url":"https:\/\/www.lucide-luzern.ch\/en\/chefs-table\/","name":"Chef's Table - Lucide - Restaurant im KKL Luzern","isPartOf":{"@id":"https:\/\/www.lucide-luzern.ch\/en\/#website"},"primaryImageOfPage":{"@id":"https:\/\/www.lucide-luzern.ch\/en\/chefs-table\/#primaryimage"},"image":{"@id":"https:\/\/www.lucide-luzern.ch\/en\/chefs-table\/#primaryimage"},"thumbnailUrl":"https:\/\/www.lucide-luzern.ch\/wp-content\/uploads\/sites\/3\/DSCF4503_Headerbild.png","datePublished":"2025-12-23T07:35:49+00:00","dateModified":"2026-03-19T07:24:46+00:00","description":"Exclusive Wine & Dine on 25 January 2025 at Restaurant Lucide. Mich\u00e8le Meier's refined cuisine is accompanied by exquisite wines from Marie-Th\u00e9r\u00e8se Chappaz.","breadcrumb":{"@id":"https:\/\/www.lucide-luzern.ch\/en\/chefs-table\/#breadcrumb"},"inLanguage":"en-US","potentialAction":[{"@type":"ReadAction","target":["https:\/\/www.lucide-luzern.ch\/en\/chefs-table\/"]}]},{"@type":"ImageObject","inLanguage":"en-US","@id":"https:\/\/www.lucide-luzern.ch\/en\/chefs-table\/#primaryimage","url":"https:\/\/www.lucide-luzern.ch\/wp-content\/uploads\/sites\/3\/DSCF4503_Headerbild.png","contentUrl":"https:\/\/www.lucide-luzern.ch\/wp-content\/uploads\/sites\/3\/DSCF4503_Headerbild.png","width":5276,"height":2968,"caption":"Chefs Table"},{"@type":"BreadcrumbList","@id":"https:\/\/www.lucide-luzern.ch\/en\/chefs-table\/#breadcrumb","itemListElement":[{"@type":"ListItem","position":1,"name":"Home","item":"https:\/\/www.lucide-luzern.ch\/en\/home\/"},{"@type":"ListItem","position":2,"name":"Chef&#8217;s Table"}]},{"@type":"WebSite","@id":"https:\/\/www.lucide-luzern.ch\/en\/#website","url":"https:\/\/www.lucide-luzern.ch\/en\/","name":"Lucide","description":"Restaurant im KKL Luzern","publisher":{"@id":"https:\/\/www.lucide-luzern.ch\/en\/#organization"},"potentialAction":[{"@type":"SearchAction","target":{"@type":"EntryPoint","urlTemplate":"https:\/\/www.lucide-luzern.ch\/en\/?s={search_term_string}"},"query-input":{"@type":"PropertyValueSpecification","valueRequired":true,"valueName":"search_term_string"}}],"inLanguage":"en-US"},{"@type":"Organization","@id":"https:\/\/www.lucide-luzern.ch\/en\/#organization","name":"Lucide - Restaurant im KKL Luzern","url":"https:\/\/www.lucide-luzern.ch\/en\/","logo":{"@type":"ImageObject","inLanguage":"en-US","@id":"https:\/\/www.lucide-luzern.ch\/en\/#\/schema\/logo\/image\/","url":"https:\/\/www.lucide-luzern.ch\/wp-content\/uploads\/sites\/3\/2020\/02\/Lucide_LogoRGB_schwarz_BylineGross_Messing.png","contentUrl":"https:\/\/www.lucide-luzern.ch\/wp-content\/uploads\/sites\/3\/2020\/02\/Lucide_LogoRGB_schwarz_BylineGross_Messing.png","width":2000,"height":801,"caption":"Lucide - Restaurant im KKL Luzern"},"image":{"@id":"https:\/\/www.lucide-luzern.ch\/en\/#\/schema\/logo\/image\/"},"sameAs":["https:\/\/www.instagram.com\/lucide_luzern\/"]},{"@type":"Person","@id":"https:\/\/www.lucide-luzern.ch\/en\/#\/schema\/person\/d36b9411655e37cd2462dc478f82888b","name":"angela","image":{"@type":"ImageObject","inLanguage":"en-US","@id":"https:\/\/secure.gravatar.com\/avatar\/558e3b93301ff3f93f7f0a65be9856a4e0c1eff0c219fa9f4e4382823fdfb7ba?s=96&d=mm&r=g","url":"https:\/\/secure.gravatar.com\/avatar\/558e3b93301ff3f93f7f0a65be9856a4e0c1eff0c219fa9f4e4382823fdfb7ba?s=96&d=mm&r=g","contentUrl":"https:\/\/secure.gravatar.com\/avatar\/558e3b93301ff3f93f7f0a65be9856a4e0c1eff0c219fa9f4e4382823fdfb7ba?s=96&d=mm&r=g","caption":"angela"}}]}},"_links":{"self":[{"href":"https:\/\/www.lucide-luzern.ch\/en\/wp-json\/wp\/v2\/posts\/14030","targetHints":{"allow":["GET"]}}],"collection":[{"href":"https:\/\/www.lucide-luzern.ch\/en\/wp-json\/wp\/v2\/posts"}],"about":[{"href":"https:\/\/www.lucide-luzern.ch\/en\/wp-json\/wp\/v2\/types\/post"}],"author":[{"embeddable":true,"href":"https:\/\/www.lucide-luzern.ch\/en\/wp-json\/wp\/v2\/users\/30"}],"replies":[{"embeddable":true,"href":"https:\/\/www.lucide-luzern.ch\/en\/wp-json\/wp\/v2\/comments?post=14030"}],"version-history":[{"count":7,"href":"https:\/\/www.lucide-luzern.ch\/en\/wp-json\/wp\/v2\/posts\/14030\/revisions"}],"predecessor-version":[{"id":14423,"href":"https:\/\/www.lucide-luzern.ch\/en\/wp-json\/wp\/v2\/posts\/14030\/revisions\/14423"}],"wp:featuredmedia":[{"embeddable":true,"href":"https:\/\/www.lucide-luzern.ch\/en\/wp-json\/wp\/v2\/media\/14050"}],"wp:attachment":[{"href":"https:\/\/www.lucide-luzern.ch\/en\/wp-json\/wp\/v2\/media?parent=14030"}],"wp:term":[{"taxonomy":"category","embeddable":true,"href":"https:\/\/www.lucide-luzern.ch\/en\/wp-json\/wp\/v2\/categories?post=14030"},{"taxonomy":"post_tag","embeddable":true,"href":"https:\/\/www.lucide-luzern.ch\/en\/wp-json\/wp\/v2\/tags?post=14030"}],"curies":[{"name":"wp","href":"https:\/\/api.w.org\/{rel}","templated":true}]}}